{"id":521,"date":"2022-12-21T13:03:49","date_gmt":"2022-12-21T12:03:49","guid":{"rendered":"https:\/\/jeztalk.com\/?p=521"},"modified":"2022-12-21T13:05:34","modified_gmt":"2022-12-21T12:05:34","slug":"en-avent-avec-messi","status":"publish","type":"post","link":"https:\/\/jeztalk.com\/index.php\/2022\/12\/21\/en-avent-avec-messi\/","title":{"rendered":"En Avent avec\u2026 Messi"},"content":{"rendered":"<span class=\"rt-reading-time\" style=\"display: block;\"><span class=\"rt-label rt-prefix\">Temps de lecture\u00a0: <\/span> <span class=\"rt-time\">4<\/span> <span class=\"rt-label rt-postfix\">minutes <br><\/span><\/span>\n<p><\/p>\n\n\n<div class=\"wp-block-image\">\n<figure class=\"aligncenter size-large\"><img loading=\"lazy\" decoding=\"async\" width=\"800\" height=\"551\" src=\"https:\/\/i0.wp.com\/jeztalk.com\/wp-content\/uploads\/2022\/12\/Messi_vs_Nigeria1.jpg?resize=800%2C551&#038;ssl=1\" alt=\"\" class=\"wp-image-522\" srcset=\"https:\/\/i0.wp.com\/jeztalk.com\/wp-content\/uploads\/2022\/12\/Messi_vs_Nigeria1.jpg?resize=1024%2C705&amp;ssl=1 1024w, https:\/\/i0.wp.com\/jeztalk.com\/wp-content\/uploads\/2022\/12\/Messi_vs_Nigeria1.jpg?resize=300%2C207&amp;ssl=1 300w, https:\/\/i0.wp.com\/jeztalk.com\/wp-content\/uploads\/2022\/12\/Messi_vs_Nigeria1.jpg?resize=768%2C529&amp;ssl=1 768w, https:\/\/i0.wp.com\/jeztalk.com\/wp-content\/uploads\/2022\/12\/Messi_vs_Nigeria1.jpg?w=1400&amp;ssl=1 1400w\" sizes=\"auto, (max-width: 800px) 100vw, 800px\" data-recalc-dims=\"1\" \/><\/figure>\n<\/div>\n\n\n<p><\/p>\n\n\n\n<p>Messi a l\u2019\u00e2ge du Christ plus deux ans&nbsp;: 35 ans. Mais il a commenc\u00e9 son minist\u00e8re bien avant ses trente ans&nbsp;; c\u2019est qu\u2019il \u00e9tait pr\u00e9coce. Cela fait pr\u00e8s de vingt ans qu\u2019il fait \u00ab&nbsp;tomber comme l\u2019\u00e9clair&nbsp;\u00bb, les d\u00e9fenses du monde entier sans conna\u00eetre de grande blessure, sinon une d\u00e9faite en finale de Coupe du Monde, en 2014, puis en Copa America, deux fois. Cela ne fait pas de lui un martyr du football, m\u00eame si l\u2019\u00e9chec se vit comme une crucifixion. Toute proportion gard\u00e9e.&nbsp;<\/p>\n\n\n\n<p>Toute proportion gard\u00e9e sauf en Argentine, o\u00f9 des \u00e9glises sont consacr\u00e9es \u00e0 saint Diego, o\u00f9 la mythologie footballistique est la fabrique du r\u00eave par excellence&nbsp;: une mani\u00e8re de faire corps, de crier, de vibrer ensemble, de faire silence parfois, de traverser, le temps d\u2019une liturgie de 90 minutes et des poussi\u00e8res, toutes les \u00e9preuves de la vie&nbsp;! On souffre, on jubile, on est vivant.&nbsp;<strong>Alors,<\/strong>&nbsp;<strong>une religion, le football&nbsp;? Non, soyons s\u00e9rieux&nbsp;! Mais l\u2019homme ne vivra pas que de pain&nbsp;; il vivra de jeux&nbsp;: sports, passions\u2026 Et surtout, il vivra de r\u00e9cits&nbsp;!<\/strong><\/p>\n\n\n\n<p>Le football raconte une histoire. En 2022, l\u2019Argentine voulait un Messi \u00ab&nbsp;maradonis\u00e9&nbsp;\u00bb&nbsp;; le mot est pass\u00e9 dans le jargon de Buenos Aires. Qu\u2019est-ce que la maradonisation&nbsp;? C\u2019est la contagion d\u2019un h\u00e9ro\u00efsme bien particulier, m\u00e2tin\u00e9 de <em>grinta<\/em><a href=\"applewebdata:\/\/BD4D24D6-864C-4923-AD66-DAF83F6D664D#_ftn1\"><sup>[1]<\/sup><\/a>, d\u2019\u00e9carts de langage, d\u2019agressivit\u00e9, de vitesse, de talent\u2026 non, pas de talent&nbsp;: de g\u00e9nie, bref, de Maradona.&nbsp;<strong>Soudain, cette ann\u00e9e, Messi int\u00e8gre qu\u2019il ne peut en rester \u00e0 ce statut de magicien timide&nbsp;: cadre discret, au regard un peu perdu, qui marche ou qui trottine, en attendant qu\u2019un esprit s\u2019empare de son pied gauche et de son coup de rein.<\/strong>&nbsp;En 2022, il lui faudrait \u00eatre plus. Alors il a ouvert le grand livre du football, pour y voir se dessiner la trajectoire de Diego, le proph\u00e8te fantasque qui l\u2019avait pr\u00e9c\u00e9d\u00e9. Il ne lui resterait plus qu\u2019\u00e0 pousser le ballon.&nbsp;<\/p>\n\n\n\n<p>Maradonis\u00e9, Messi parle. On entend sa voix&nbsp;: un espagnol rugueux, qui ne s\u2019embarrasse plus ni de belles formules ni de langue de bois. Le quart de finale contre les Pays-Bas en est l\u2019exemple. Apr\u00e8s un match d\u2019une rare intensit\u00e9 et sa pluie de cartons jaunes, l\u2019interview de L\u00e9o est perturb\u00e9 par l\u2019insolence d\u2019un jeune buteur batave, celui qui a failli une fois de plus mettre fin \u00e0 l\u2019aventure albic\u00e9leste. \u00ab&nbsp;Qu\u2019est-ce que tu regardes&nbsp;<em>bobo&nbsp;<\/em>? \u00bb Bobo&nbsp;: insulte d\u00e9su\u00e8te, baroque. \u00ab&nbsp;Bobo&nbsp;\u00bb ne traduit pas la classe des quartiers chics de Buenos Aires&nbsp;; c\u2019est tout \u00e0 fait comme si au lieu de dire \u00ab&nbsp;c**&nbsp;\u00bb ou \u00ab&nbsp;abruti&nbsp;\u00bb, on disait\u2026 \u00ab&nbsp;ben\u00eat&nbsp;\u00bb (voir&nbsp;<a href=\"https:\/\/www.lemonde.fr\/football\/article\/2022\/12\/18\/le-sacre-mondial-de-lionel-messi-enfin-adule-en-argentine_6154873_1616939.html\">Le Monde<\/a>).&nbsp;<\/p>\n\n\n\n<p>Redevenu un peu bobo lui aussi, Messi retrouve son parler que vingt ann\u00e9es de football professionnel et de communication ma\u00eetris\u00e9e avaient pris le temps de&nbsp;<em>bobo\u00efser<\/em>, dans son sens bourgeois cette fois<strong>. Il redevient l\u2019homme de Rosario, ville d\u2019o\u00f9 l\u2019on parle un peu bizarrement, ville d\u2019o\u00f9 rien de bon ne peut sortir. Messi raconte l\u2019histoire de ceux qui, a priori, ne font pas l\u2019Histoire.&nbsp;<\/strong>Il transforme le quotidien le plus banal en possibilit\u00e9 de conte de f\u00e9e.&nbsp;<\/p>\n\n\n\n<p>Les gamins de Rosario, ceux qui jouent leur premier match avec une bo\u00eete de sardines, tiennent pour vrai qu\u2019il y a quelques ann\u00e9es de cela \u2013 pas si longtemps \u2013, un autre rosarien, mais beaucoup plus petit qu\u2019eux celui-l\u00e0, atteint de nanisme, celui qu\u2019on appelait petit L\u00e9o, distillait ses premi\u00e8res passes d\u00e9cisives avec le gros orteil qui d\u00e9passe d\u2019une chaussure \u00e0 ciel ouvert&nbsp;! On se racontera les fioretti du gamin du coin \u2013 un quiconque, un n\u2019importe qui. Se serait-il fait rep\u00e9rer comme \u00e7a, lors d\u2019un match de rue&nbsp;?<\/p>\n\n\n\n<p><strong>Et qui sait, ce sera peut-\u00eatre moi, le prochain&nbsp;? Il faut soigner sa passe, m\u00eame si l\u2019on joue avec une boule de chiffon. Parce qu\u2019\u00e0 Rosario, d\u00e9sormais, les r\u00eaves se r\u00e9alisent.&nbsp;<\/strong><\/p>\n\n\n\n<p>On n\u2019interrogera pas la v\u00e9racit\u00e9 des histoires sur L\u00e9o, celui qui vivait juste \u00e0 c\u00f4t\u00e9 de la case du Tio Paulo ou Ricardo, ou Carlito<strong>. D\u00e9sormais, il y a le Messi de la&nbsp;<em>foi footballistique<\/em>, et puis il y a un Lionel&nbsp;<em>historique<\/em>&nbsp;: homme priv\u00e9, inint\u00e9ressant, un taiseux qui ne s\u2019exprime qu\u2019avec son pied gauche.&nbsp;&nbsp;&nbsp;<\/strong><\/p>\n\n\n\n<p>D\u2019ici quelques ann\u00e9es, les amateurs de football d\u00e9velopperont-ils une science du commentaire autour de lui&nbsp;? Une science qu\u2019ils nommeraient&nbsp;<em>messi-logie<\/em>, comme une th\u00e9ologie du football, une cat\u00e9ch\u00e8se qui annonce une bonne nouvelle&nbsp;? Toute proportion gard\u00e9e, on pr\u00e9f\u00e9rera parler ici d\u2019un conte de No\u00ebl, en toute simplicit\u00e9&nbsp;:<\/p>\n\n\n\n<p>Il&nbsp;&nbsp;\u00e9tait une fois un nain d\u2019une banlieue pauvre qui, malgr\u00e9 ce handicap, avait un grand don.&nbsp;<strong>La gr\u00e2ce a choisi le plus petit pour offrir son abondance et sa gratuit\u00e9<\/strong>. Bient\u00f4t, on en parlerait dans toutes les cages d\u2019ascenseur de toutes les barres HLM. La nouvelle se r\u00e9pandra jusqu\u2019aux oreilles des grands mages d\u2019Europe, qui voudront voir le petit, et l\u2019aideront \u00e0 grandir. Parce que la gr\u00e2ce a aussi besoin de bienfaiteurs. Ils en feront le plus grand des footballeurs.<\/p>\n\n\n\n<p>L\u2019issue de la Coupe du monde au Qatar \u2013 la plus \u00e9pique d\u2019entre toutes \u2013 cl\u00f4t de la plus belle des mani\u00e8res la parabole Messi.&nbsp;&nbsp;<\/p>\n\n\n\n<p><strong>Elle annonce aux sans-destin, aux pauvres fatigu\u00e9s par l\u2019\u00e9chec, que lorsqu\u2019on ne peut pas tout r\u00e9ussir par soi-m\u00eame, il y en a d\u2019autres qui peuvent gagner \u00e0 notre place. A notre place, toute proportion gard\u00e9e.<\/strong>\u00a0\u00a0<\/p>\n\n\n\n<hr class=\"wp-block-separator has-alpha-channel-opacity\"\/>\n\n\n\n<p><a href=\"applewebdata:\/\/BD4D24D6-864C-4923-AD66-DAF83F6D664D#_ftnref1\"><sup>[1]<\/sup><\/a>&nbsp;Imp\u00e9tuosit\u00e9, combativit\u00e9, pugnacit\u00e9<\/p>\n","protected":false},"excerpt":{"rendered":"<p><span class=\"rt-reading-time\" style=\"display: block;\"><span class=\"rt-label rt-prefix\">Temps de lecture\u00a0: <\/span> <span class=\"rt-time\">4<\/span> <span class=\"rt-label rt-postfix\">minutes <br \/><\/span><\/span> Messi a l\u2019\u00e2ge du Christ plus deux ans&nbsp;: 35 ans. Mais il a commenc\u00e9 son minist\u00e8re bien avant ses trente ans&nbsp;; c\u2019est qu\u2019il \u00e9tait pr\u00e9coce. Cela fait pr\u00e8s de vingt ans qu\u2019il fait \u00ab&nbsp;tomber comme l\u2019\u00e9clair&nbsp;\u00bb, les d\u00e9fenses du monde entier sans conna\u00eetre de grande blessure, sinon une d\u00e9faite en finale de Coupe du Monde, [&hellip;]<\/p>\n","protected":false},"author":4,"featured_media":522,"comment_status":"open","ping_status":"open","sticky":false,"template":"","format":"standard","meta":{"footnotes":""},"categories":[5,1,4],"tags":[],"class_list":["post-521","post","type-post","status-publish","format-standard","has-post-thumbnail","hentry","category-culture","category-non-classe","category-spiritualite"],"jetpack_featured_media_url":"https:\/\/i0.wp.com\/jeztalk.com\/wp-content\/uploads\/2022\/12\/Messi_vs_Nigeria1.jpg?fit=1400%2C964&ssl=1","jetpack-related-posts":[{"id":453,"url":"https:\/\/jeztalk.com\/index.php\/2022\/05\/15\/au-bout-de-la-rue-jai-bifurque-une-breve-histoire-de-vocation\/","url_meta":{"origin":521,"position":0},"title":"\u00ab\u00a0Au bout de la rue, j\u2019ai bifurqu\u00e9\u00a0\u00bb\u00a0: une br\u00e8ve histoire de vocation \u00a0","author":"C\u00e9dric Lecordier","date":"15 mai 2022","format":false,"excerpt":"Le 22 avril dernier, la France rendait un hommage national \u00e0 l\u2019acteur Michel Bouquet, mort une semaine plus t\u00f4t, \u00e0 l\u2019\u00e2ge de 93 ans. L\u2019occasion pour\u00a0Le Monde\u00a0de republier une\u00a0interview\u00a0de 2016\u00a0sign\u00e9e Annick Cojean ; avec simplicit\u00e9\u00a0\u2012\u00a0\u00a0et non sans un certain sens du religieux\u00a0\u2012\u00a0Bouquet y raconte comment s\u2019est d\u00e9cid\u00e9e sa carri\u00e8re d\u2019acteur.\u2026","rel":"","context":"Dans &quot;Culture&quot;","block_context":{"text":"Culture","link":"https:\/\/jeztalk.com\/index.php\/category\/culture\/"},"img":{"alt_text":"","src":"https:\/\/i0.wp.com\/jeztalk.com\/wp-content\/uploads\/2022\/05\/decision-ge0a936773_1280.jpg?fit=1200%2C800&ssl=1&resize=350%2C200","width":350,"height":200,"srcset":"https:\/\/i0.wp.com\/jeztalk.com\/wp-content\/uploads\/2022\/05\/decision-ge0a936773_1280.jpg?fit=1200%2C800&ssl=1&resize=350%2C200 1x, https:\/\/i0.wp.com\/jeztalk.com\/wp-content\/uploads\/2022\/05\/decision-ge0a936773_1280.jpg?fit=1200%2C800&ssl=1&resize=525%2C300 1.5x, https:\/\/i0.wp.com\/jeztalk.com\/wp-content\/uploads\/2022\/05\/decision-ge0a936773_1280.jpg?fit=1200%2C800&ssl=1&resize=700%2C400 2x, https:\/\/i0.wp.com\/jeztalk.com\/wp-content\/uploads\/2022\/05\/decision-ge0a936773_1280.jpg?fit=1200%2C800&ssl=1&resize=1050%2C600 3x"},"classes":[]},{"id":280,"url":"https:\/\/jeztalk.com\/index.php\/2022\/03\/09\/le-ticket-dignace\/","url_meta":{"origin":521,"position":1},"title":"Le ticket d&rsquo;Ignace","author":"C\u00e9dric Lecordier","date":"9 mars 2022","format":false,"excerpt":"Valider son ticket. Qu\u2019il est long le parcours pour \u00eatre valid\u00e9 et confirm\u00e9 dans sa mission\u00a0! Le chemin vers la saintet\u00e9 passe par\u2026 l\u2019\u00e9cole, et parfois \u00e0 m\u00eame \u00e0 quarante ans, \u00e0 l\u2019exemple du fondateur des j\u00e9suites, Ignace de Loyola, dont on f\u00eate ce 12 mars les 400 ans de\u2026","rel":"","context":"Dans &quot;Eglise&quot;","block_context":{"text":"Eglise","link":"https:\/\/jeztalk.com\/index.php\/category\/eglise\/"},"img":{"alt_text":"","src":"https:\/\/i0.wp.com\/jeztalk.com\/wp-content\/uploads\/2022\/03\/college-student-g5037af68d_1920.jpg?fit=1200%2C529&ssl=1&resize=350%2C200","width":350,"height":200,"srcset":"https:\/\/i0.wp.com\/jeztalk.com\/wp-content\/uploads\/2022\/03\/college-student-g5037af68d_1920.jpg?fit=1200%2C529&ssl=1&resize=350%2C200 1x, https:\/\/i0.wp.com\/jeztalk.com\/wp-content\/uploads\/2022\/03\/college-student-g5037af68d_1920.jpg?fit=1200%2C529&ssl=1&resize=525%2C300 1.5x, https:\/\/i0.wp.com\/jeztalk.com\/wp-content\/uploads\/2022\/03\/college-student-g5037af68d_1920.jpg?fit=1200%2C529&ssl=1&resize=700%2C400 2x, https:\/\/i0.wp.com\/jeztalk.com\/wp-content\/uploads\/2022\/03\/college-student-g5037af68d_1920.jpg?fit=1200%2C529&ssl=1&resize=1050%2C600 3x"},"classes":[]},{"id":283,"url":"https:\/\/jeztalk.com\/index.php\/2022\/03\/16\/moliere-le-theatre-et-la-guerre\/","url_meta":{"origin":521,"position":2},"title":"Moli\u00e8re, le th\u00e9\u00e2tre et la guerre","author":"Jean-Baptiste","date":"16 mars 2022","format":false,"excerpt":"Photo : Gr\u00e9goire Matzneff Th\u00e9\u00e2tre Saint Georges aujourd\u2019hui, Paris a des airs de printemps. Malgr\u00e9 une apr\u00e8s-midi ensoleill\u00e9e, je m\u2019enferme au th\u00e9\u00e2tre pour assister au\u00a0Malade imaginaire, 400 ans obligent. Mes souvenirs de coll\u00e9gien m\u2019ont laiss\u00e9 des textes de Moli\u00e8re un go\u00fbt h\u00e9sitant, moins divertissants que politiques. Je ne m\u2019attendais donc\u2026","rel":"","context":"Dans &quot;Culture&quot;","block_context":{"text":"Culture","link":"https:\/\/jeztalk.com\/index.php\/category\/culture\/"},"img":{"alt_text":"","src":"https:\/\/i0.wp.com\/jeztalk.com\/wp-content\/uploads\/2022\/03\/malade_imaginaire2.jpg?fit=1200%2C620&ssl=1&resize=350%2C200","width":350,"height":200,"srcset":"https:\/\/i0.wp.com\/jeztalk.com\/wp-content\/uploads\/2022\/03\/malade_imaginaire2.jpg?fit=1200%2C620&ssl=1&resize=350%2C200 1x, https:\/\/i0.wp.com\/jeztalk.com\/wp-content\/uploads\/2022\/03\/malade_imaginaire2.jpg?fit=1200%2C620&ssl=1&resize=525%2C300 1.5x, https:\/\/i0.wp.com\/jeztalk.com\/wp-content\/uploads\/2022\/03\/malade_imaginaire2.jpg?fit=1200%2C620&ssl=1&resize=700%2C400 2x, https:\/\/i0.wp.com\/jeztalk.com\/wp-content\/uploads\/2022\/03\/malade_imaginaire2.jpg?fit=1200%2C620&ssl=1&resize=1050%2C600 3x"},"classes":[]},{"id":181,"url":"https:\/\/jeztalk.com\/index.php\/2022\/04\/04\/lumami-de-levangile\/","url_meta":{"origin":521,"position":3},"title":"L&rsquo;umami de l&rsquo;\u00c9vangile","author":"C\u00e9dric Lecordier","date":"4 avril 2022","format":false,"excerpt":"\u00ab\u00a0Et il advint, comme il \u00e9tait \u00e0 table avec eux, qu\u2019il prit le pain, dit la b\u00e9n\u00e9diction, puis le rompit et le leur donna. Leurs yeux s\u2019ouvrirent et ils le reconnurent\u2026\u00a0\u00bb\u00a0Luc 24, 30-31\u00a0 J\u2019aime les soupes, j\u2019aime l\u2019Asie\u00a0; j\u2019entends par l\u00e0\u00a0: tout ce qui part d\u2019une base de gingembre et\u2026","rel":"","context":"Dans &quot;Spiritualit\u00e9&quot;","block_context":{"text":"Spiritualit\u00e9","link":"https:\/\/jeztalk.com\/index.php\/category\/spiritualite\/"},"img":{"alt_text":"","src":"https:\/\/i0.wp.com\/jeztalk.com\/wp-content\/uploads\/2022\/02\/friends-eating-chinese-food-together-during-night-out-scaled.jpg?fit=1200%2C800&ssl=1&resize=350%2C200","width":350,"height":200,"srcset":"https:\/\/i0.wp.com\/jeztalk.com\/wp-content\/uploads\/2022\/02\/friends-eating-chinese-food-together-during-night-out-scaled.jpg?fit=1200%2C800&ssl=1&resize=350%2C200 1x, https:\/\/i0.wp.com\/jeztalk.com\/wp-content\/uploads\/2022\/02\/friends-eating-chinese-food-together-during-night-out-scaled.jpg?fit=1200%2C800&ssl=1&resize=525%2C300 1.5x, https:\/\/i0.wp.com\/jeztalk.com\/wp-content\/uploads\/2022\/02\/friends-eating-chinese-food-together-during-night-out-scaled.jpg?fit=1200%2C800&ssl=1&resize=700%2C400 2x, https:\/\/i0.wp.com\/jeztalk.com\/wp-content\/uploads\/2022\/02\/friends-eating-chinese-food-together-during-night-out-scaled.jpg?fit=1200%2C800&ssl=1&resize=1050%2C600 3x"},"classes":[]},{"id":568,"url":"https:\/\/jeztalk.com\/index.php\/2024\/09\/05\/le-handisport-une-ecole-du-regard\/","url_meta":{"origin":521,"position":4},"title":"Le handisport, une \u00e9cole du regard","author":"Mathieu Flourens","date":"5 septembre 2024","format":false,"excerpt":"Saint Ignace de Loyola nous a appris \u00e0 \u00ab\u00a0chercher Dieu en toutes choses\u00a0\u00bb et \u00e0 exercer notre regard pour apprendre \u00e0 le trouver dans la r\u00e9alit\u00e9 de ce monde. De ce point de vue, regarder les Jeux Paralympiques revient \u00e0 proc\u00e9der \u00e0 un exercice de discernement spirituel \u00e0 grande \u00e9chelle,\u2026","rel":"","context":"Dans &quot;Soci\u00e9t\u00e9&quot;","block_context":{"text":"Soci\u00e9t\u00e9","link":"https:\/\/jeztalk.com\/index.php\/category\/societe\/"},"img":{"alt_text":"","src":"https:\/\/i0.wp.com\/jeztalk.com\/wp-content\/uploads\/2024\/09\/timothee-montage-1024x576-1.png?fit=1024%2C576&ssl=1&resize=350%2C200","width":350,"height":200,"srcset":"https:\/\/i0.wp.com\/jeztalk.com\/wp-content\/uploads\/2024\/09\/timothee-montage-1024x576-1.png?fit=1024%2C576&ssl=1&resize=350%2C200 1x, https:\/\/i0.wp.com\/jeztalk.com\/wp-content\/uploads\/2024\/09\/timothee-montage-1024x576-1.png?fit=1024%2C576&ssl=1&resize=525%2C300 1.5x, https:\/\/i0.wp.com\/jeztalk.com\/wp-content\/uploads\/2024\/09\/timothee-montage-1024x576-1.png?fit=1024%2C576&ssl=1&resize=700%2C400 2x"},"classes":[]},{"id":323,"url":"https:\/\/jeztalk.com\/index.php\/2022\/03\/12\/ignace-et-la-grace-des-echecs\/","url_meta":{"origin":521,"position":5},"title":"Ignace et la gr\u00e2ce des \u00e9checs","author":"Etienne","date":"12 mars 2022","format":false,"excerpt":"Aujourd\u2019hui samedi 12 mars, nous comm\u00e9morons les quatre cents ans de la canonisation du fondateur des j\u00e9suites, Ignace de Loyola. Cette f\u00eate me tient particuli\u00e8rement \u00e0 c\u0153ur cette ann\u00e9e. En 2021, j\u2019ai eu la chance de travailler ses \u00e9crits, pour construire le sc\u00e9nario d\u2019une bande dessin\u00e9e sur sa vie. Que\u2026","rel":"","context":"Dans &quot;Eglise&quot;","block_context":{"text":"Eglise","link":"https:\/\/jeztalk.com\/index.php\/category\/eglise\/"},"img":{"alt_text":"","src":"https:\/\/i0.wp.com\/jeztalk.com\/wp-content\/uploads\/2022\/03\/9650142de3413959c04df3a801fc8fcd0d080c351e8aca021df458e30d30beea.jpg?fit=400%2C529&ssl=1&resize=350%2C200","width":350,"height":200},"classes":[]}],"jetpack_sharing_enabled":true,"_links":{"self":[{"href":"https:\/\/jeztalk.com\/index.php\/wp-json\/wp\/v2\/posts\/521","targetHints":{"allow":["GET"]}}],"collection":[{"href":"https:\/\/jeztalk.com\/index.php\/wp-json\/wp\/v2\/posts"}],"about":[{"href":"https:\/\/jeztalk.com\/index.php\/wp-json\/wp\/v2\/types\/post"}],"author":[{"embeddable":true,"href":"https:\/\/jeztalk.com\/index.php\/wp-json\/wp\/v2\/users\/4"}],"replies":[{"embeddable":true,"href":"https:\/\/jeztalk.com\/index.php\/wp-json\/wp\/v2\/comments?post=521"}],"version-history":[{"count":3,"href":"https:\/\/jeztalk.com\/index.php\/wp-json\/wp\/v2\/posts\/521\/revisions"}],"predecessor-version":[{"id":525,"href":"https:\/\/jeztalk.com\/index.php\/wp-json\/wp\/v2\/posts\/521\/revisions\/525"}],"wp:featuredmedia":[{"embeddable":true,"href":"https:\/\/jeztalk.com\/index.php\/wp-json\/wp\/v2\/media\/522"}],"wp:attachment":[{"href":"https:\/\/jeztalk.com\/index.php\/wp-json\/wp\/v2\/media?parent=521"}],"wp:term":[{"taxonomy":"category","embeddable":true,"href":"https:\/\/jeztalk.com\/index.php\/wp-json\/wp\/v2\/categories?post=521"},{"taxonomy":"post_tag","embeddable":true,"href":"https:\/\/jeztalk.com\/index.php\/wp-json\/wp\/v2\/tags?post=521"}],"curies":[{"name":"wp","href":"https:\/\/api.w.org\/{rel}","templated":true}]}}