{"id":553,"date":"2023-07-14T15:07:02","date_gmt":"2023-07-14T13:07:02","guid":{"rendered":"https:\/\/jeztalk.com\/?p=553"},"modified":"2023-07-14T15:07:02","modified_gmt":"2023-07-14T13:07:02","slug":"etre-de-nouveau-un-peuple","status":"publish","type":"post","link":"https:\/\/jeztalk.com\/index.php\/2023\/07\/14\/etre-de-nouveau-un-peuple\/","title":{"rendered":"\u00catre de nouveau un peuple"},"content":{"rendered":"<span class=\"rt-reading-time\" style=\"display: block;\"><span class=\"rt-label rt-prefix\">Temps de lecture\u00a0: <\/span> <span class=\"rt-time\">3<\/span> <span class=\"rt-label rt-postfix\">minutes <br><\/span><\/span>\n<p><\/p>\n\n\n\n<figure class=\"wp-block-image size-full\"><img loading=\"lazy\" decoding=\"async\" width=\"800\" height=\"800\" src=\"https:\/\/i0.wp.com\/jeztalk.com\/wp-content\/uploads\/2023\/07\/IMG_2849.jpeg?resize=800%2C800&#038;ssl=1\" alt=\"\" class=\"wp-image-554\" srcset=\"https:\/\/i0.wp.com\/jeztalk.com\/wp-content\/uploads\/2023\/07\/IMG_2849.jpeg?w=847&amp;ssl=1 847w, https:\/\/i0.wp.com\/jeztalk.com\/wp-content\/uploads\/2023\/07\/IMG_2849.jpeg?resize=300%2C300&amp;ssl=1 300w, https:\/\/i0.wp.com\/jeztalk.com\/wp-content\/uploads\/2023\/07\/IMG_2849.jpeg?resize=150%2C150&amp;ssl=1 150w, https:\/\/i0.wp.com\/jeztalk.com\/wp-content\/uploads\/2023\/07\/IMG_2849.jpeg?resize=768%2C768&amp;ssl=1 768w\" sizes=\"auto, (max-width: 800px) 100vw, 800px\" data-recalc-dims=\"1\" \/><\/figure>\n\n\n\n<p><\/p>\n\n\n\n<p>Les f\u00eates du 14 juillet de cette ann\u00e9e n\u2019auront pas l\u2019attrait habituel. La similitude entre l\u2019artifice cens\u00e9 nous distraire et les fus\u00e9es incendiaires&nbsp;qui ont pris une certaine avance sur les \u00e9v\u00e8nements interdira&nbsp;souvent&nbsp;de profiter du spectacle comme nous l\u2019avions esp\u00e9r\u00e9, tandis que la s\u00e9cheresse invite \u00e0 la prudence.<\/p>\n\n\n\n<p>Depuis l\u2019Espagne o\u00f9 je vis actuellement, et apr\u00e8s une ann\u00e9e turbulente&nbsp;pour la France&nbsp;que j\u2019ai v\u00e9cue&nbsp;int\u00e9gralement hors&nbsp;de son territoire, cette d\u00e9convenue m\u2019invite \u00e0 r\u00e9fl\u00e9chir sur mon pays. Derri\u00e8re les circonstances aggravantes, je suis tent\u00e9 de voir la continuit\u00e9. Ce que j\u2019ai appris depuis la distance, je voudrais vous le partager.<\/p>\n\n\n\n<p>Malgr\u00e9 les d\u00e9formations m\u00e9diatiques qui doivent inviter \u00e0 la prudence, la violence semble avoir \u00e9t\u00e9 l\u2019un des axes&nbsp;majeurs&nbsp;de cette ann\u00e9e v\u00e9cue dans l\u2019Hexagone. Quand les banlieues s\u2019enflamment, on est surpris de voir les journalistes et les commentateurs traiter cela comme un ph\u00e9nom\u00e8ne particulier, \u00e0&nbsp;appr\u00e9hender&nbsp;\u201cen soi\u201d, avec ses causes sp\u00e9cifiques et bien distinctes&nbsp;(\u00e9ducation, d\u00e9mission parentale, trafic de drogues, la liste infinie des probl\u00e8mes sans solution). En r\u00e9alit\u00e9,&nbsp;cet enflammement est&nbsp;un ph\u00e9nom\u00e8ne diffus. Les jeunes qui flambent des voitures n\u2019\u00e9taient pas n\u00e9s en 2005. Ils ont vu les gilets jaunes, les manifestations contre les retraites, les luttes chaque fois plus violentes dans diff\u00e9rents secteurs d\u2019engagement, la violence polici\u00e8re. Sans justifier leur violence, la mettre en exergue comme si elle avait quelque chose de sp\u00e9cial revient \u00e0 chercher \u00e0 retirer la paille qui est dans l\u2019oeil du voisin sans voir la poutre qui est le sien.&nbsp;<\/p>\n\n\n\n<p>Mais d\u2019o\u00f9 vient cette violence ? J\u2019ai vu en Espagne des \u00e9glises o\u00f9 les portiques comportaient tous les visages des saints et des anges, et j\u2019ai \u00e9t\u00e9 \u00e9mu.&nbsp;J\u2019ai particip\u00e9 \u00e0 des processions s\u00e9culaires o\u00f9 la ville toute enti\u00e8re battait au rythme de ses traditions, au cours d\u2019un \u00e9v\u00e9nement qui rassemblait chacun au coeur d\u2019une exp\u00e9rience commune. J\u2019ai r\u00e9alis\u00e9 que j\u2019appartenais \u00e0 une histoire marqu\u00e9e par la&nbsp;violence, \u00e0 une culture mutil\u00e9e.&nbsp;Cet instinct r\u00e9volutionnaire dont j\u2019avais toujours \u00e9t\u00e9 si fier, je voyais l\u2019envers de son d\u00e9cor.&nbsp;Les luttes si profondes qu\u2019avait v\u00e9cu la France l\u2019avaient laiss\u00e9e exsangue sur le plan culturel.&nbsp;L\u2019Espagne traditionnelle et vivante, l\u2019Espagne \u00e0 purifier, pr\u00e9servait un patrimoine symbolique incomparable avec celui dans lequel j\u2019avais grandi. Je pr\u00e9tendais appartenir \u00e0 un peuple \u00e9clair\u00e9, mais je ne connaissais que les feux d\u2019artifice et le bal du 14 juillet\u2026&nbsp;<\/p>\n\n\n\n<p>Cependant, cette pauvret\u00e9 fran\u00e7aise n\u2019est pas sans cons\u00e9quence. La culture populaire est un patrimoine partag\u00e9 par tous, \u00e0 commencer par les plus petits, les personnes de condition modeste.&nbsp;Elle permet de vivre une exp\u00e9rience partag\u00e9e, o\u00f9 nous sommes tous sur le m\u00eame plan. Elle offre une dignit\u00e9 \u00e0 tous ceux qui y participent. Et si les manifestations multitudinaires&nbsp;trahissaient un secret d\u00e9sir de communion, de fraternit\u00e9 dans l\u2019exp\u00e9rience commune que n\u2019offre plus notre soci\u00e9t\u00e9 ?&nbsp;<\/p>\n\n\n\n<p>\u200bContentons de poser cette question, laissons de c\u00f4t\u00e9 celle de savoir d\u2019o\u00f9 pourraient venir ces exp\u00e9riences. Remarquons seulement que les symboles r\u00e9publicains sont fan\u00e9s.&nbsp;Avec politesse, on s\u2019efforce d\u2019en prendre soin. Les chr\u00e9tiens sont bien conscients de leur devoir civique, leur r\u00f4le de support, de fondation de cette R\u00e9publique que bien souvent ils soutiennent de leur engagement, qu\u2019il soit professionnel ou associatif.&nbsp;Et si le temps n\u2019\u00e9tait plus&nbsp;seulement&nbsp;\u00e0 la politesse, sinon \u00e0 une forme d\u2019audace culturelle qui sache affirmer et c\u00e9l\u00e9brer dans l\u2019espace social les racines de notre engagement? Et si la culture populaire chr\u00e9tienne&nbsp;\u00e9tait appel\u00e9e \u00e0 retrouver une forme de vitalit\u00e9 pour offrir aux hommes et aux femmes de ce&nbsp;monde&nbsp;des&nbsp;temps et des&nbsp;espaces&nbsp;o\u00f9 la transcendance ait droit de cit\u00e9 ?&nbsp;Cette initiative serait tout le contraire d\u2019une affirmation identitaire de la foi chr\u00e9tienne dans l\u2019espace public.&nbsp;Inventant depuis la Tradition, elle serait fondamentalement missionnaire, cherchant avant tout \u00e0 offrir, ouvrir.<\/p>\n\n\n\n<p>\u200bAlors cesserait cette violence originelle qui consiste \u00e0 nier la transcendance, cette dimension essentielle de l\u2019\u00eatre humain.&nbsp;Alors les Fran\u00e7ais n\u2019auraient plus \u00e0 chercher dans des manifestations \u00e0 coups de casseroles&nbsp;le sentiment d\u2019une commune appartenance. Alors la frustration trouverait peut-\u00eatre un autre d\u00e9bouch\u00e9 que celui de la violence. Alors nous serions de nouveau un peuple.<\/p>\n","protected":false},"excerpt":{"rendered":"<p><span class=\"rt-reading-time\" style=\"display: block;\"><span class=\"rt-label rt-prefix\">Temps de lecture\u00a0: <\/span> <span class=\"rt-time\">3<\/span> <span class=\"rt-label rt-postfix\">minutes <br \/><\/span><\/span> Les f\u00eates du 14 juillet de cette ann\u00e9e n\u2019auront pas l\u2019attrait habituel. La similitude entre l\u2019artifice cens\u00e9 nous distraire et les fus\u00e9es incendiaires&nbsp;qui ont pris une certaine avance sur les \u00e9v\u00e8nements interdira&nbsp;souvent&nbsp;de profiter du spectacle comme nous l\u2019avions esp\u00e9r\u00e9, tandis que la s\u00e9cheresse invite \u00e0 la prudence. Depuis l\u2019Espagne o\u00f9 je vis actuellement, et apr\u00e8s [&hellip;]<\/p>\n","protected":false},"author":14,"featured_media":554,"comment_status":"open","ping_status":"open","sticky":false,"template":"","format":"standard","meta":{"footnotes":""},"categories":[3],"tags":[],"class_list":["post-553","post","type-post","status-publish","format-standard","has-post-thumbnail","hentry","category-societe"],"jetpack_featured_media_url":"https:\/\/i0.wp.com\/jeztalk.com\/wp-content\/uploads\/2023\/07\/IMG_2849.jpeg?fit=847%2C847&ssl=1","jetpack-related-posts":[{"id":215,"url":"https:\/\/jeztalk.com\/index.php\/2022\/03\/02\/prier-et-jeuner-pour-la-paix-ca-marche-vraiment\/","url_meta":{"origin":553,"position":0},"title":"Prier et je\u00fbner pour la paix, \u00e7a marche vraiment ?","author":"Pierre Alexandre Collomb","date":"2 mars 2022","format":false,"excerpt":"Le pape Fran\u00e7ois nous invite \u00e0 faire de ce mercredi des Cendres une journ\u00e9e de pri\u00e8re et de je\u00fbne pour la paix en Ukraine.\u00a0 \u00ab\u00a0Et maintenant je voudrais en appeler \u00e0 tous, croyants et non-croyants. J\u00e9sus nous a enseign\u00e9 qu\u2019\u00e0 l\u2019absurdit\u00e9 diabolique de la violence, on r\u00e9pond par les armes\u2026","rel":"","context":"Dans &quot;Spiritualit\u00e9&quot;","block_context":{"text":"Spiritualit\u00e9","link":"https:\/\/jeztalk.com\/index.php\/category\/spiritualite\/"},"img":{"alt_text":"","src":"https:\/\/i0.wp.com\/jeztalk.com\/wp-content\/uploads\/2022\/03\/key-g86d736236_1920.jpg?fit=1200%2C801&ssl=1&resize=350%2C200","width":350,"height":200,"srcset":"https:\/\/i0.wp.com\/jeztalk.com\/wp-content\/uploads\/2022\/03\/key-g86d736236_1920.jpg?fit=1200%2C801&ssl=1&resize=350%2C200 1x, https:\/\/i0.wp.com\/jeztalk.com\/wp-content\/uploads\/2022\/03\/key-g86d736236_1920.jpg?fit=1200%2C801&ssl=1&resize=525%2C300 1.5x, https:\/\/i0.wp.com\/jeztalk.com\/wp-content\/uploads\/2022\/03\/key-g86d736236_1920.jpg?fit=1200%2C801&ssl=1&resize=700%2C400 2x, https:\/\/i0.wp.com\/jeztalk.com\/wp-content\/uploads\/2022\/03\/key-g86d736236_1920.jpg?fit=1200%2C801&ssl=1&resize=1050%2C600 3x"},"classes":[]},{"id":547,"url":"https:\/\/jeztalk.com\/index.php\/2023\/06\/16\/sur-les-pas-de-saint-regis\/","url_meta":{"origin":553,"position":1},"title":"Sur les pas de saint R\u00e9gis","author":"Mathieu Flourens","date":"16 juin 2023","format":false,"excerpt":"Aujourd\u2019hui 16 juin, le calendrier liturgique fait co\u00efncider la f\u00eate de saint Jean-Fran\u00e7ois R\u00e9gis (1597-1641), pr\u00eatre j\u00e9suite canonis\u00e9 en 1737, et la solennit\u00e9 du Sacr\u00e9-C\u0153ur. Cette circonstance est l\u2019occasion de tracer un trait d\u2019union entre les deux sanctuaires que continue d\u2019animer la Compagnie de J\u00e9sus en France : celui de\u2026","rel":"","context":"Dans &quot;Eglise&quot;","block_context":{"text":"Eglise","link":"https:\/\/jeztalk.com\/index.php\/category\/eglise\/"},"img":{"alt_text":"","src":"https:\/\/i0.wp.com\/jeztalk.com\/wp-content\/uploads\/2023\/06\/5F7000BC-9C90-4BFD-8529-D367C03EA2D2.jpeg?fit=549%2C559&ssl=1&resize=350%2C200","width":350,"height":200,"srcset":"https:\/\/i0.wp.com\/jeztalk.com\/wp-content\/uploads\/2023\/06\/5F7000BC-9C90-4BFD-8529-D367C03EA2D2.jpeg?fit=549%2C559&ssl=1&resize=350%2C200 1x, https:\/\/i0.wp.com\/jeztalk.com\/wp-content\/uploads\/2023\/06\/5F7000BC-9C90-4BFD-8529-D367C03EA2D2.jpeg?fit=549%2C559&ssl=1&resize=525%2C300 1.5x"},"classes":[]},{"id":453,"url":"https:\/\/jeztalk.com\/index.php\/2022\/05\/15\/au-bout-de-la-rue-jai-bifurque-une-breve-histoire-de-vocation\/","url_meta":{"origin":553,"position":2},"title":"\u00ab\u00a0Au bout de la rue, j\u2019ai bifurqu\u00e9\u00a0\u00bb\u00a0: une br\u00e8ve histoire de vocation \u00a0","author":"C\u00e9dric Lecordier","date":"15 mai 2022","format":false,"excerpt":"Le 22 avril dernier, la France rendait un hommage national \u00e0 l\u2019acteur Michel Bouquet, mort une semaine plus t\u00f4t, \u00e0 l\u2019\u00e2ge de 93 ans. L\u2019occasion pour\u00a0Le Monde\u00a0de republier une\u00a0interview\u00a0de 2016\u00a0sign\u00e9e Annick Cojean ; avec simplicit\u00e9\u00a0\u2012\u00a0\u00a0et non sans un certain sens du religieux\u00a0\u2012\u00a0Bouquet y raconte comment s\u2019est d\u00e9cid\u00e9e sa carri\u00e8re d\u2019acteur.\u2026","rel":"","context":"Dans &quot;Culture&quot;","block_context":{"text":"Culture","link":"https:\/\/jeztalk.com\/index.php\/category\/culture\/"},"img":{"alt_text":"","src":"https:\/\/i0.wp.com\/jeztalk.com\/wp-content\/uploads\/2022\/05\/decision-ge0a936773_1280.jpg?fit=1200%2C800&ssl=1&resize=350%2C200","width":350,"height":200,"srcset":"https:\/\/i0.wp.com\/jeztalk.com\/wp-content\/uploads\/2022\/05\/decision-ge0a936773_1280.jpg?fit=1200%2C800&ssl=1&resize=350%2C200 1x, https:\/\/i0.wp.com\/jeztalk.com\/wp-content\/uploads\/2022\/05\/decision-ge0a936773_1280.jpg?fit=1200%2C800&ssl=1&resize=525%2C300 1.5x, https:\/\/i0.wp.com\/jeztalk.com\/wp-content\/uploads\/2022\/05\/decision-ge0a936773_1280.jpg?fit=1200%2C800&ssl=1&resize=700%2C400 2x, https:\/\/i0.wp.com\/jeztalk.com\/wp-content\/uploads\/2022\/05\/decision-ge0a936773_1280.jpg?fit=1200%2C800&ssl=1&resize=1050%2C600 3x"},"classes":[]},{"id":378,"url":"https:\/\/jeztalk.com\/index.php\/2022\/03\/22\/par-dela-lukraine-penser-et-preserver-un-monde-commun\/","url_meta":{"origin":553,"position":3},"title":"Par-del\u00e0 l\u2019Ukraine, penser et pr\u00e9server un monde commun","author":"Alexandre","date":"22 mars 2022","format":false,"excerpt":"Photo Hubert2T via Pixabay L\u2019horreur des images et des r\u00e9cits qui nous viennent de Russie et d\u2019Ukraine depuis trois semaines ont tr\u00e8s l\u00e9gitimement soulev\u00e9 les opinions publiques occidentales contre l\u2019offensive russe. Pour ma part, c\u2019est avant tout un m\u00e9lange de col\u00e8re et de tristesse, de r\u00e9volte et de compassion qui\u2026","rel":"","context":"Dans &quot;Soci\u00e9t\u00e9&quot;","block_context":{"text":"Soci\u00e9t\u00e9","link":"https:\/\/jeztalk.com\/index.php\/category\/societe\/"},"img":{"alt_text":"","src":"https:\/\/i0.wp.com\/jeztalk.com\/wp-content\/uploads\/2022\/03\/ukraine-g680ec8fe7_1280.jpg?fit=1200%2C800&ssl=1&resize=350%2C200","width":350,"height":200,"srcset":"https:\/\/i0.wp.com\/jeztalk.com\/wp-content\/uploads\/2022\/03\/ukraine-g680ec8fe7_1280.jpg?fit=1200%2C800&ssl=1&resize=350%2C200 1x, https:\/\/i0.wp.com\/jeztalk.com\/wp-content\/uploads\/2022\/03\/ukraine-g680ec8fe7_1280.jpg?fit=1200%2C800&ssl=1&resize=525%2C300 1.5x, https:\/\/i0.wp.com\/jeztalk.com\/wp-content\/uploads\/2022\/03\/ukraine-g680ec8fe7_1280.jpg?fit=1200%2C800&ssl=1&resize=700%2C400 2x, https:\/\/i0.wp.com\/jeztalk.com\/wp-content\/uploads\/2022\/03\/ukraine-g680ec8fe7_1280.jpg?fit=1200%2C800&ssl=1&resize=1050%2C600 3x"},"classes":[]},{"id":211,"url":"https:\/\/jeztalk.com\/index.php\/2022\/03\/08\/le-dilemme-du-violoniste-un-careme-a-lecoute-de-lesprit\/","url_meta":{"origin":553,"position":4},"title":"Le dilemme du violoniste, un Car\u00eame \u00e0 l&rsquo;\u00e9coute de l&rsquo;Esprit","author":"Cyrille","date":"8 mars 2022","format":false,"excerpt":"Imaginez un soir de concert, dans une salle parisienne ou ailleurs. Apr\u00e8s les salutations d\u2019usage, le hautbois donne le la, entra\u00eenant chacun des instruments \u00e0 sa suite. Le silence s\u2019installe. Et voil\u00e0 que le chef d\u2019orchestre donne le signal. Les premi\u00e8res mesures s\u2019\u00e9gr\u00e8nent mais les regards restent fix\u00e9s sur le\u2026","rel":"","context":"Dans &quot;Spiritualit\u00e9&quot;","block_context":{"text":"Spiritualit\u00e9","link":"https:\/\/jeztalk.com\/index.php\/category\/spiritualite\/"},"img":{"alt_text":"","src":"https:\/\/i0.wp.com\/jeztalk.com\/wp-content\/uploads\/2022\/03\/violin-g681da2183_1920.jpg?fit=1200%2C800&ssl=1&resize=350%2C200","width":350,"height":200,"srcset":"https:\/\/i0.wp.com\/jeztalk.com\/wp-content\/uploads\/2022\/03\/violin-g681da2183_1920.jpg?fit=1200%2C800&ssl=1&resize=350%2C200 1x, https:\/\/i0.wp.com\/jeztalk.com\/wp-content\/uploads\/2022\/03\/violin-g681da2183_1920.jpg?fit=1200%2C800&ssl=1&resize=525%2C300 1.5x, https:\/\/i0.wp.com\/jeztalk.com\/wp-content\/uploads\/2022\/03\/violin-g681da2183_1920.jpg?fit=1200%2C800&ssl=1&resize=700%2C400 2x, https:\/\/i0.wp.com\/jeztalk.com\/wp-content\/uploads\/2022\/03\/violin-g681da2183_1920.jpg?fit=1200%2C800&ssl=1&resize=1050%2C600 3x"},"classes":[]},{"id":405,"url":"https:\/\/jeztalk.com\/index.php\/2022\/04\/14\/le-christ-face-a-sa-passion-la-ligne-rouge-et-la-liberte\/","url_meta":{"origin":553,"position":5},"title":"Le Christ face \u00e0 sa passion, la ligne rouge et la libert\u00e9","author":"Cyrille","date":"14 avril 2022","format":false,"excerpt":"[Spoiler alert\u00a0: l\u2019article d\u00e9voile des \u00e9l\u00e9ments importants de l\u2019intrigue du film La ligne rouge, de Terrence Malick.] \u00ab\u00a0Where is your spark now\u00a0?\u00a0\u00bb,\u00a0demande le sergent-chef Edward Welsh (Sean Penn), d\u00e9sabus\u00e9, devant la tombe du soldat Robert Witt (Jim Caviezel), abattu par les tirs des troupes japonaises, lors d\u2019une mission de reconnaissance\u2026","rel":"","context":"Dans &quot;Culture&quot;","block_context":{"text":"Culture","link":"https:\/\/jeztalk.com\/index.php\/category\/culture\/"},"img":{"alt_text":"","src":"https:\/\/i0.wp.com\/jeztalk.com\/wp-content\/uploads\/2022\/04\/la-ligne-rouge-paysage-1024x445-1.jpg?fit=1024%2C445&ssl=1&resize=350%2C200","width":350,"height":200,"srcset":"https:\/\/i0.wp.com\/jeztalk.com\/wp-content\/uploads\/2022\/04\/la-ligne-rouge-paysage-1024x445-1.jpg?fit=1024%2C445&ssl=1&resize=350%2C200 1x, https:\/\/i0.wp.com\/jeztalk.com\/wp-content\/uploads\/2022\/04\/la-ligne-rouge-paysage-1024x445-1.jpg?fit=1024%2C445&ssl=1&resize=525%2C300 1.5x, https:\/\/i0.wp.com\/jeztalk.com\/wp-content\/uploads\/2022\/04\/la-ligne-rouge-paysage-1024x445-1.jpg?fit=1024%2C445&ssl=1&resize=700%2C400 2x"},"classes":[]}],"jetpack_sharing_enabled":true,"_links":{"self":[{"href":"https:\/\/jeztalk.com\/index.php\/wp-json\/wp\/v2\/posts\/553","targetHints":{"allow":["GET"]}}],"collection":[{"href":"https:\/\/jeztalk.com\/index.php\/wp-json\/wp\/v2\/posts"}],"about":[{"href":"https:\/\/jeztalk.com\/index.php\/wp-json\/wp\/v2\/types\/post"}],"author":[{"embeddable":true,"href":"https:\/\/jeztalk.com\/index.php\/wp-json\/wp\/v2\/users\/14"}],"replies":[{"embeddable":true,"href":"https:\/\/jeztalk.com\/index.php\/wp-json\/wp\/v2\/comments?post=553"}],"version-history":[{"count":2,"href":"https:\/\/jeztalk.com\/index.php\/wp-json\/wp\/v2\/posts\/553\/revisions"}],"predecessor-version":[{"id":556,"href":"https:\/\/jeztalk.com\/index.php\/wp-json\/wp\/v2\/posts\/553\/revisions\/556"}],"wp:featuredmedia":[{"embeddable":true,"href":"https:\/\/jeztalk.com\/index.php\/wp-json\/wp\/v2\/media\/554"}],"wp:attachment":[{"href":"https:\/\/jeztalk.com\/index.php\/wp-json\/wp\/v2\/media?parent=553"}],"wp:term":[{"taxonomy":"category","embeddable":true,"href":"https:\/\/jeztalk.com\/index.php\/wp-json\/wp\/v2\/categories?post=553"},{"taxonomy":"post_tag","embeddable":true,"href":"https:\/\/jeztalk.com\/index.php\/wp-json\/wp\/v2\/tags?post=553"}],"curies":[{"name":"wp","href":"https:\/\/api.w.org\/{rel}","templated":true}]}}